{"id":393,"date":"2010-06-16T09:54:44","date_gmt":"2010-06-16T07:54:44","guid":{"rendered":"http:\/\/www.roiba.es\/blog\/?p=393"},"modified":"2010-06-29T11:05:45","modified_gmt":"2010-06-29T09:05:45","slug":"solemne-concelebracion-eucaristica-para-celebrar-la-fiesta-de-s-josemaria-lunes-28-a-las-20-15h-catedral-de-santiago","status":"publish","type":"post","link":"http:\/\/www.roiba.es\/blog\/?p=393","title":{"rendered":"Solemne Concelebraci\u00f3n Eucar\u00edstica para celebrar la Fiesta de S. Josemar\u00eda. Lunes 28, a las 20.15h. Catedral de Santiago."},"content":{"rendered":"<p style=\"text-align: center;\"><a href=\"http:\/\/www.roiba.es\/blog\/wp-content\/uploads\/2010\/06\/Captura-de-pantalla-2010-06-16-a-las-09.48.14.png\"><img loading=\"lazy\" class=\"aligncenter size-full wp-image-392\" title=\"Captura de pantalla 2010-06-16 a las 09.48.14\" src=\"http:\/\/www.roiba.es\/blog\/wp-content\/uploads\/2010\/06\/Captura-de-pantalla-2010-06-16-a-las-09.48.14.png\" alt=\"\" width=\"594\" height=\"246\" srcset=\"http:\/\/www.roiba.es\/blog\/wp-content\/uploads\/2010\/06\/Captura-de-pantalla-2010-06-16-a-las-09.48.14.png 1239w, http:\/\/www.roiba.es\/blog\/wp-content\/uploads\/2010\/06\/Captura-de-pantalla-2010-06-16-a-las-09.48.14-300x124.png 300w, http:\/\/www.roiba.es\/blog\/wp-content\/uploads\/2010\/06\/Captura-de-pantalla-2010-06-16-a-las-09.48.14-1024x424.png 1024w\" sizes=\"(max-width: 594px) 100vw, 594px\" \/><\/a><\/p>\n<p><strong>Solemne Concelebraci\u00f3n Eucar\u00edstica<\/strong> en la\u00a0<strong>catedral de Santiago, el lunes 28 de junio a las 20.15 h.<\/strong> Estar\u00e1 presidida por el Excmo. y Rvdmo. Sr.<strong> Arzobispo de Santiago, D. Juli\u00e1n Barrio. <\/strong>Entre otros sacerdotes, concelebrar\u00e1 el\u00a0<strong>Vicario de la Delegaci\u00f3n del Opus Dei para Galicia, D. \u00c1ngel Lasheras.<\/strong><\/p>\n","protected":false},"excerpt":{"rendered":"<p>Solemne Concelebraci\u00f3n Eucar\u00edstica en la\u00a0catedral de Santiago, el lunes 28 de junio a las 20.15 h. Estar\u00e1 presidida por el Excmo. y Rvdmo. Sr. Arzobispo de Santiago, D. Juli\u00e1n Barrio. [&hellip;]<\/p>\n","protected":false},"author":1,"featured_media":392,"comment_status":"open","ping_status":"open","sticky":false,"template":"","format":"standard","meta":[],"categories":[1],"tags":[],"_links":{"self":[{"href":"http:\/\/www.roiba.es\/blog\/index.php?rest_route=\/wp\/v2\/posts\/393"}],"collection":[{"href":"http:\/\/www.roiba.es\/blog\/index.php?rest_route=\/wp\/v2\/posts"}],"about":[{"href":"http:\/\/www.roiba.es\/blog\/index.php?rest_route=\/wp\/v2\/types\/post"}],"author":[{"embeddable":true,"href":"http:\/\/www.roiba.es\/blog\/index.php?rest_route=\/wp\/v2\/users\/1"}],"replies":[{"embeddable":true,"href":"http:\/\/www.roiba.es\/blog\/index.php?rest_route=%2Fwp%2Fv2%2Fcomments&post=393"}],"version-history":[{"count":6,"href":"http:\/\/www.roiba.es\/blog\/index.php?rest_route=\/wp\/v2\/posts\/393\/revisions"}],"predecessor-version":[{"id":398,"href":"http:\/\/www.roiba.es\/blog\/index.php?rest_route=\/wp\/v2\/posts\/393\/revisions\/398"}],"wp:featuredmedia":[{"embeddable":true,"href":"http:\/\/www.roiba.es\/blog\/index.php?rest_route=\/wp\/v2\/media\/392"}],"wp:attachment":[{"href":"http:\/\/www.roiba.es\/blog\/index.php?rest_route=%2Fwp%2Fv2%2Fmedia&parent=393"}],"wp:term":[{"taxonomy":"category","embeddable":true,"href":"http:\/\/www.roiba.es\/blog\/index.php?rest_route=%2Fwp%2Fv2%2Fcategories&post=393"},{"taxonomy":"post_tag","embeddable":true,"href":"http:\/\/www.roiba.es\/blog\/index.php?rest_route=%2Fwp%2Fv2%2Ftags&post=393"}],"curies":[{"name":"wp","href":"https:\/\/api.w.org\/{rel}","templated":true}]}}