{"id":622,"date":"2010-10-24T16:42:24","date_gmt":"2010-10-24T14:42:24","guid":{"rendered":"http:\/\/www.roiba.es\/blog\/?p=622"},"modified":"2010-10-24T16:45:09","modified_gmt":"2010-10-24T14:45:09","slug":"foro-de-padres-en-torno-a-la-fe","status":"publish","type":"post","link":"http:\/\/www.roiba.es\/blog\/?p=622","title":{"rendered":"FORO DE PADRES EN TORNO A LA FE"},"content":{"rendered":"<p style=\"text-align: center;\"><a href=\"http:\/\/www.roiba.es\/blog\/wp-content\/uploads\/2010\/10\/varios_23.jpg\"><img loading=\"lazy\" class=\"aligncenter size-full wp-image-624\" title=\"varios_23\" src=\"http:\/\/www.roiba.es\/blog\/wp-content\/uploads\/2010\/10\/varios_23.jpg\" alt=\"\" width=\"600\" height=\"398\" srcset=\"http:\/\/www.roiba.es\/blog\/wp-content\/uploads\/2010\/10\/varios_23.jpg 1000w, http:\/\/www.roiba.es\/blog\/wp-content\/uploads\/2010\/10\/varios_23-300x199.jpg 300w\" sizes=\"(max-width: 600px) 100vw, 600px\" \/><\/a><\/p>\n<p>Ante la visita de Benedicto XVI a Santiago el s\u00e1bado 6 de noviembre es natural que nos dispongamos a escucharle y a incorporar las principales ense\u00f1anzas de su Pontificado. Viene haciendo hincapi\u00e9 en la importancia de la formaci\u00f3n en la doctrina cat\u00f3lica b\u00e1sica para poderla transmitir, con naturalidad y fecundidad, en el \u00e1mbito de la familia. Acogiendo estas propuestas del Papa y las sugerencias de algunos padres del Club y Escuela de F\u00fatbol,\u00a0 en este curso que iniciamos, <strong>las charlas-coloquio de algunos viernes <\/strong> formar\u00e1n parte de un\u00a0 \u201c<strong>FORO DE PADRES EN TORNO A LA FE<\/strong>\u201d, de acuerdo con el calendario que a continuaci\u00f3n se propone. <strong>Ser\u00e1n a las 20.15 h<\/strong>.<\/p>\n<p>El Foro estar\u00e1 coordinado por D. Santiago, doctor en Teolog\u00eda. Contamos con tu presencia y agradecemos cualquier sugerencia que te parezca oportuna, como temas a tratar m\u00e1s adelante, etc.<\/p>\n<p>Viernes, 8.X \u2026.. \u201c<em>La Iglesia: Organizaci\u00f3n; diversidad de carismas y funciones\u201d<\/em>. D. Santiago<strong><\/strong><\/p>\n<p>Viernes, 29.X \u2026\u00a0 \u201c<em>La Iglesia: Origen, fundaci\u00f3n y misi\u00f3n. Sus rasgos esenciales<\/em>\u201d. Jaime Fe<\/p>\n<p>Viernes, 12.XI \u2026 \u201c<em>La Iglesia Cat\u00f3lica a lo largo de los siglos: Pinceladas de su historia<\/em>\u201d. Salvador Mart\u00edn <strong><\/strong><\/p>\n<p>Viernes, 26.XI \u2026 \u201c<em>La Iglesia vive de la Eucarist\u00eda: Explicaci\u00f3n de la Misa (1)\u201d.<\/em> D. Javier Izko <strong><\/strong><\/p>\n<p>Viernes, 10.XII \u2026\u201c <em>La Iglesia vive de la Eucarist\u00eda: Explicaci\u00f3n de la Misa (2)\u201d.<\/em> D. Javier Izko <strong><\/strong><\/p>\n<p>Viernes, 14.I \u2026\u00a0\u00a0 \u201c<em>La Providencia y el esc\u00e1ndalo del mal<\/em>\u201d. D. Santiago<\/p>\n<p>Viernes, 28.I\u2026.\u00a0\u00a0 \u201c <em>El m\u00e1s all\u00e1: Cielo, purgatorio, infierno<\/em>\u201d. Alfonso Novoa\u00a0<strong><\/strong><\/p>\n","protected":false},"excerpt":{"rendered":"<p>Ante la visita de Benedicto XVI a Santiago el s\u00e1bado 6 de noviembre es natural que nos dispongamos a escucharle y a incorporar las principales ense\u00f1anzas de su Pontificado. Viene [&hellip;]<\/p>\n","protected":false},"author":1,"featured_media":624,"comment_status":"open","ping_status":"open","sticky":false,"template":"","format":"standard","meta":[],"categories":[8],"tags":[],"_links":{"self":[{"href":"http:\/\/www.roiba.es\/blog\/index.php?rest_route=\/wp\/v2\/posts\/622"}],"collection":[{"href":"http:\/\/www.roiba.es\/blog\/index.php?rest_route=\/wp\/v2\/posts"}],"about":[{"href":"http:\/\/www.roiba.es\/blog\/index.php?rest_route=\/wp\/v2\/types\/post"}],"author":[{"embeddable":true,"href":"http:\/\/www.roiba.es\/blog\/index.php?rest_route=\/wp\/v2\/users\/1"}],"replies":[{"embeddable":true,"href":"http:\/\/www.roiba.es\/blog\/index.php?rest_route=%2Fwp%2Fv2%2Fcomments&post=622"}],"version-history":[{"count":5,"href":"http:\/\/www.roiba.es\/blog\/index.php?rest_route=\/wp\/v2\/posts\/622\/revisions"}],"predecessor-version":[{"id":629,"href":"http:\/\/www.roiba.es\/blog\/index.php?rest_route=\/wp\/v2\/posts\/622\/revisions\/629"}],"wp:featuredmedia":[{"embeddable":true,"href":"http:\/\/www.roiba.es\/blog\/index.php?rest_route=\/wp\/v2\/media\/624"}],"wp:attachment":[{"href":"http:\/\/www.roiba.es\/blog\/index.php?rest_route=%2Fwp%2Fv2%2Fmedia&parent=622"}],"wp:term":[{"taxonomy":"category","embeddable":true,"href":"http:\/\/www.roiba.es\/blog\/index.php?rest_route=%2Fwp%2Fv2%2Fcategories&post=622"},{"taxonomy":"post_tag","embeddable":true,"href":"http:\/\/www.roiba.es\/blog\/index.php?rest_route=%2Fwp%2Fv2%2Ftags&post=622"}],"curies":[{"name":"wp","href":"https:\/\/api.w.org\/{rel}","templated":true}]}}